{"id":3830,"date":"2026-08-17T23:16:30","date_gmt":"2026-08-17T21:16:30","guid":{"rendered":"https:\/\/www.taekwondomuju.nl\/?p=3830"},"modified":"2026-08-17T23:16:30","modified_gmt":"2026-08-17T21:16:30","slug":"vsadahrejcz-cz-2026-budoucnost-zahradnictvi-a-ekologie-233354860","status":"publish","type":"post","link":"http:\/\/www.taekwondomuju.nl\/index.php\/2026\/08\/17\/vsadahrejcz-cz-2026-budoucnost-zahradnictvi-a-ekologie-233354860\/","title":{"rendered":"Vsadahrejcz CZ 2026 Budoucnost Zahradnictv\u00ed a Ekologie 233354860"},"content":{"rendered":"<div style=\"text-align:center; margin:15px 0;\"><img decoding=\"async\" src=\"https:\/\/d16-a.sdn.cz\/d_16\/c_img_p8_A\/nPXMbbUsvqECACpJzzFuBUee\/5ead.jpeg?fl=cro,227,0,3641,2730%7Cres,1200,,1%7Cjpg,80,,1\" style=\"max-width:100%; height:auto;\" \/><\/div>\n<h1>Vsadahrejcz CZ 2026: Inovace a Udr\u017eitelnost v Zahradnictv\u00ed<\/h1>\n<p>\n        V roce 2026 o\u010dek\u00e1v\u00e1me, \u017ee se projekt Vsadahrejcz CZ 2026 <a href=\"https:\/\/Vsadahrejczcz.com\/\">https:\/\/Vsadahrejczcz.com\/<\/a> stane jedn\u00edm z nejv\u00fdznamn\u011bj\u0161\u00edch a inspirativn\u00edch po\u010din\u016f v oblasti zahradnictv\u00ed v \u010cesk\u00e9 republice. Tento projekt si klade za c\u00edl nejen zlep\u0161it kvalitu \u017eivota prost\u0159ednictv\u00edm zahradnick\u00fdch praktik, ale tak\u00e9 p\u0159isp\u011bt k ochran\u011b \u017eivotn\u00edho prost\u0159ed\u00ed a podpo\u0159it ekologick\u00e9 my\u0161len\u00ed nap\u0159\u00ed\u010d r\u016fzn\u00fdmi generacemi.\n    <\/p>\n<h2>Jak vznikl projekt Vsadahrejcz?<\/h2>\n<p>\n        Vsadahrejcz vznikl jako reakce na rostouc\u00ed pot\u0159ebu udr\u017eiteln\u00fdch zahradnick\u00fdch postup\u016f, kter\u00e9 jsou \u0161etrn\u00e9 k \u017eivotn\u00edmu prost\u0159ed\u00ed. V sou\u010dasnosti \u010del\u00edme mnoha ekologick\u00fdm hrozb\u00e1m, jako jsou klimatick\u00e9 zm\u011bny, zne\u010di\u0161t\u011bn\u00ed a \u00fabytek biodiverzity. Projekt VSADAHREJCZ je zam\u011b\u0159en na vzd\u011bl\u00e1v\u00e1n\u00ed, osv\u011btu a aktivn\u00ed zapojen\u00ed jednotlivc\u016f do zahradnick\u00fdch aktivit, kter\u00e9 mohou m\u00edt pozitivn\u00ed vliv na na\u0161e \u017eivotn\u00ed prost\u0159ed\u00ed.\n    <\/p>\n<h2>Hlavn\u00ed c\u00edle a aktivity projektu<\/h2>\n<p>\n        Projekt se skl\u00e1d\u00e1 z n\u011bkolika kl\u00ed\u010dov\u00fdch komponent, kter\u00e9 maj\u00ed pomoci zajistit, aby zahradnictv\u00ed bylo udr\u017eiteln\u00e9, efektivn\u00ed a dostupn\u00e9 pro v\u0161echny. Mezi hlavn\u00ed c\u00edle projektu pat\u0159\u00ed:\n    <\/p>\n<ul>\n<li><strong>Vzd\u011bl\u00e1v\u00e1n\u00ed a osv\u011bta:<\/strong> Organizace workshop\u016f a semin\u00e1\u0159\u016f zam\u011b\u0159en\u00fdch na ekologick\u00e9 zahradnictv\u00ed, permakultury a regenerativn\u00ed zem\u011bd\u011blstv\u00ed.<\/li>\n<li><strong>Podpora lok\u00e1ln\u00edch iniciativ:<\/strong> Spolupr\u00e1ce s m\u00edstn\u00edmi komunitami za \u00fa\u010delem vytv\u00e1\u0159en\u00ed spole\u010dn\u00fdch zahrad a zelen\u00fdch prostor\u016f.<\/li>\n<li><strong>Udr\u017eiteln\u00fd rozvoj:<\/strong> Propagace metod, kter\u00e9 zohled\u0148uj\u00ed ekologick\u00e9 principy, jako je kompostov\u00e1n\u00ed, agroekologie a vyu\u017e\u00edv\u00e1n\u00ed obnoviteln\u00fdch zdroj\u016f.<\/li>\n<li><strong>Vytv\u00e1\u0159en\u00ed zavla\u017eovac\u00edch a zav\u00e1d\u011bn\u00ed ekologick\u00fdch technologi\u00ed:<\/strong> Pomoc zahradn\u00edk\u016fm a farm\u00e1\u0159\u016fm zav\u00e1d\u011bt efektivn\u00ed a \u0161etrn\u00e9 praktiky pro vyu\u017eit\u00ed vody a dal\u0161\u00edch p\u0159\u00edrodn\u00edch zdroj\u016f.<\/li>\n<\/ul>\n<h2>Vzd\u011bl\u00e1v\u00e1n\u00ed jako kl\u00ed\u010dov\u00fd prvek<\/h2>\n<p>\n        C\u00edlem projektu Vsadahrejcz je vychovat novou generaci zahradn\u00edk\u016f, kte\u0159\u00ed budou schopn\u00ed aplikovat ekologick\u00e9 postupy ve sv\u00fdch zahrad\u00e1ch. V r\u00e1mci vzd\u011bl\u00e1vac\u00edch program\u016f budou \u00fa\u010dastn\u00edci moci z\u00edskat praktick\u00e9 dovednosti, jako je um\u011bn\u00ed p\u011bstov\u00e1n\u00ed rostlin bez chemick\u00fdch hnojiv a pesticid\u016f, zakl\u00e1d\u00e1n\u00ed p\u0159\u00edrodn\u00edch zahrad a vyu\u017e\u00edv\u00e1n\u00ed permakultury.\n    <\/p>\n<p>\n        D\u016fraz bude kladen tak\u00e9 na spolupr\u00e1ci se \u0161kolami a univerzitami, kter\u00e9 budou moci spolupracovat s odborn\u00edky a za\u0159azovat ekologick\u00e9 zahradnictv\u00ed do sv\u00fdch vzd\u011bl\u00e1vac\u00edch pl\u00e1n\u016f. T\u00edmto zp\u016fsobem se projekt Vsadahrejcz sna\u017e\u00ed oslovit mlad\u00e9 lidi a inspirovat je k aktivn\u00edmu p\u0159\u00edstupu k zahradni\u010den\u00ed a utv\u00e1\u0159en\u00ed \u017eivotn\u00edho prost\u0159ed\u00ed.\n    <\/p>\n<h2>Jak p\u0159isp\u011bt k projektu Vsadahrejcz?<\/h2>\n<p>\n        Zapojen\u00ed do projektu Vsadahrejcz CZ 2026 je p\u0159\u00edle\u017eitost\u00ed pro ka\u017ed\u00e9ho, kdo chce ud\u011blat pozitivn\u00ed zm\u011bnu v oblasti zahradnictv\u00ed a ekologie. Ka\u017ed\u00fd m\u016f\u017ee p\u0159isp\u011bt r\u016fzn\u00fdmi zp\u016fsoby, a to jak fyzicky, tak i virtu\u00e1ln\u011b:\n    <\/p>\n<ul>\n<li><strong>Dobrovolnictv\u00ed:<\/strong> P\u0159ijm\u011bte v\u00fdzvu st\u00e1t se dobrovoln\u00edkem a pomozte organizovat akce, semin\u00e1\u0159e \u010di vzd\u011bl\u00e1vac\u00ed programy.<\/li>\n<li><strong>Organizov\u00e1n\u00ed akc\u00ed:<\/strong> M\u016f\u017eete uspo\u0159\u00e1dat vlastn\u00ed akci zam\u011b\u0159enou na ekologick\u00e9 zahradnictv\u00ed ve va\u0161\u00ed komunit\u011b a zapojit m\u00edstn\u00edho obyvatelstv\u00ed.<\/li>\n<li><strong>Finan\u010dn\u00ed podporou:<\/strong> Pokud m\u00e1te mo\u017enost, zva\u017ete mo\u017enosti finan\u010dn\u00ed podpory projektu, \u010d\u00edm\u017e pom\u016f\u017eete roz\u0161\u00ed\u0159it jeho dosah a vliv.<\/li>\n<\/ul>\n<h2>Budoucnost zahradnictv\u00ed v \u010cesk\u00e9 republice<\/h2>\n<p>\n        V\u011b\u0159\u00edme, \u017ee projekt Vsadahrejcz CZ 2026 se stane vzorem pro budouc\u00ed zahradnick\u00e9 iniciativy nejen v \u010cesk\u00e9 republice, ale i v zahrani\u010d\u00ed. Udr\u017eitelnost, kreativita a spolupr\u00e1ce budou kl\u00ed\u010dov\u00fdmi prvky pro budoucnost na\u0161ich zahrad a ekosyst\u00e9m\u016f.\n    <\/p>\n<p>\n        Zahradnictv\u00ed by m\u011blo b\u00fdt p\u0159\u00edstupn\u00e9 v\u0161em, a to jak v m\u011bstsk\u00fdch oblastech, tak na venkov\u011b. D\u016fle\u017eit\u00e9 je podporovat my\u0161lenku komunitn\u00edho zahradnictv\u00ed, kde lid\u00e9 mohou sd\u00edlet zdroje, znalosti a zku\u0161enosti. D\u00edky tomu m\u016f\u017ee vzniknout siln\u011bj\u0161\u00ed a odoln\u011bj\u0161\u00ed spole\u010denstv\u00ed, kter\u00e9 si v\u00e1\u017e\u00ed p\u0159\u00edrody a hled\u00e1 udr\u017eiteln\u00e9 zp\u016fsoby, jak \u017e\u00edt v souladu s n\u00ed.<\/p>\n<div style=\"text-align:center; margin:15px 0;\"><img decoding=\"async\" src=\"https:\/\/rockplanet.cz\/wp-content\/uploads\/2026\/02\/ChatGPT-Image-6.-2.-2026-18_45_47-1024x683.png\" style=\"max-width:100%; height:auto;\" \/><\/div>\n<\/p>\n<h2>Z\u00e1v\u011br<\/h2>\n<p>\n        Vsadahrejcz CZ 2026 p\u0159edstavuje inovativn\u00ed krok sm\u011brem k ekologick\u00e9mu a udr\u017eiteln\u00e9mu zahradnictv\u00ed v \u010cesk\u00e9 republice. P\u0159ipojte se k n\u00e1m a sta\u0148te se sou\u010d\u00e1st\u00ed t\u00e9to vzru\u0161uj\u00edc\u00ed cesty sm\u011brem k zdrav\u011bj\u0161\u00edm a zelen\u011bj\u0161\u00edm z\u00edt\u0159k\u016fm!\n    <\/p>\n<div style=\"text-align:center; margin:20px 0;\"><iframe loading=\"lazy\" width=\"560\" height=\"315\" src=\"https:\/\/www.youtube.com\/embed\/_ACDfLpG4Pk\" frameborder=\"0\" allowfullscreen><\/iframe><\/div>\n","protected":false},"excerpt":{"rendered":"<p>Vsadahrejcz CZ 2026: Inovace a Udr\u017eitelnost v Zahradnictv\u00ed V roce 2026 o\u010dek\u00e1v\u00e1me, \u017ee se projekt Vsadahrejcz CZ 2026 https:\/\/Vsadahrejczcz.com\/ stane jedn\u00edm z nejv\u00fdznamn\u011bj\u0161\u00edch a inspirativn\u00edch po\u010din\u016f v oblasti zahradnictv\u00ed v \u010cesk\u00e9 republice. Tento projekt si klade za c\u00edl nejen zlep\u0161it kvalitu \u017eivota prost\u0159ednictv\u00edm zahradnick\u00fdch praktik, ale tak\u00e9 p\u0159isp\u011bt k ochran\u011b \u017eivotn\u00edho prost\u0159ed\u00ed a podpo\u0159it ekologick\u00e9&hellip;<\/p>\n","protected":false},"author":1,"featured_media":0,"comment_status":"closed","ping_status":"open","sticky":false,"template":"","format":"standard","meta":{"_exactmetrics_skip_tracking":false,"footnotes":""},"categories":[1],"tags":[],"class_list":["post-3830","post","type-post","status-publish","format-standard","hentry","category-geen-categorie"],"yoast_head":"<!-- This site is optimized with the Yoast SEO plugin v26.6 - https:\/\/yoast.com\/wordpress\/plugins\/seo\/ -->\r\n<title>Vsadahrejcz CZ 2026 Budoucnost Zahradnictv\u00ed a Ekologie 233354860 - Martial Arts Bekkali<\/title>\r\n<meta name=\"robots\" content=\"index, follow, max-snippet:-1, max-image-preview:large, max-video-preview:-1\" \/>\r\n<link rel=\"canonical\" href=\"https:\/\/www.taekwondomuju.nl\/index.php\/2026\/08\/17\/vsadahrejcz-cz-2026-budoucnost-zahradnictvi-a-ekologie-233354860\/\" \/>\r\n<meta property=\"og:locale\" content=\"nl_NL\" \/>\r\n<meta property=\"og:type\" content=\"article\" \/>\r\n<meta property=\"og:title\" content=\"Vsadahrejcz CZ 2026 Budoucnost Zahradnictv\u00ed a Ekologie 233354860 - Martial Arts Bekkali\" \/>\r\n<meta property=\"og:description\" content=\"Vsadahrejcz CZ 2026: Inovace a Udr\u017eitelnost v Zahradnictv\u00ed V roce 2026 o\u010dek\u00e1v\u00e1me, \u017ee se projekt Vsadahrejcz CZ 2026 https:\/\/Vsadahrejczcz.com\/ stane jedn\u00edm z nejv\u00fdznamn\u011bj\u0161\u00edch a inspirativn\u00edch po\u010din\u016f v oblasti zahradnictv\u00ed v \u010cesk\u00e9 republice. Tento projekt si klade za c\u00edl nejen zlep\u0161it kvalitu \u017eivota prost\u0159ednictv\u00edm zahradnick\u00fdch praktik, ale tak\u00e9 p\u0159isp\u011bt k ochran\u011b \u017eivotn\u00edho prost\u0159ed\u00ed a podpo\u0159it ekologick\u00e9&hellip;\" \/>\r\n<meta property=\"og:url\" content=\"https:\/\/www.taekwondomuju.nl\/index.php\/2026\/08\/17\/vsadahrejcz-cz-2026-budoucnost-zahradnictvi-a-ekologie-233354860\/\" \/>\r\n<meta property=\"og:site_name\" content=\"Martial Arts Bekkali\" \/>\r\n<meta property=\"article:published_time\" content=\"2026-08-17T21:16:30+00:00\" \/>\r\n<meta property=\"og:image\" content=\"https:\/\/d16-a.sdn.cz\/d_16\/c_img_p8_A\/nPXMbbUsvqECACpJzzFuBUee\/5ead.jpeg?fl=cro,227,0,3641,2730%7Cres,1200,,1%7Cjpg,80,,1\" \/>\r\n<meta name=\"author\" content=\"wpadmin\" \/>\r\n<meta name=\"twitter:card\" content=\"summary_large_image\" \/>\r\n<meta name=\"twitter:label1\" content=\"Geschreven door\" \/>\n\t<meta name=\"twitter:data1\" content=\"wpadmin\" \/>\n\t<meta name=\"twitter:label2\" content=\"Geschatte leestijd\" \/>\n\t<meta name=\"twitter:data2\" content=\"4 minuten\" \/>\r\n<script type=\"application\/ld+json\" class=\"yoast-schema-graph\">{\"@context\":\"https:\/\/schema.org\",\"@graph\":[{\"@type\":\"WebPage\",\"@id\":\"https:\/\/www.taekwondomuju.nl\/index.php\/2026\/08\/17\/vsadahrejcz-cz-2026-budoucnost-zahradnictvi-a-ekologie-233354860\/\",\"url\":\"https:\/\/www.taekwondomuju.nl\/index.php\/2026\/08\/17\/vsadahrejcz-cz-2026-budoucnost-zahradnictvi-a-ekologie-233354860\/\",\"name\":\"Vsadahrejcz CZ 2026 Budoucnost Zahradnictv\u00ed a Ekologie 233354860 - Martial Arts Bekkali\",\"isPartOf\":{\"@id\":\"http:\/\/www.taekwondomuju.nl\/#website\"},\"primaryImageOfPage\":{\"@id\":\"https:\/\/www.taekwondomuju.nl\/index.php\/2026\/08\/17\/vsadahrejcz-cz-2026-budoucnost-zahradnictvi-a-ekologie-233354860\/#primaryimage\"},\"image\":{\"@id\":\"https:\/\/www.taekwondomuju.nl\/index.php\/2026\/08\/17\/vsadahrejcz-cz-2026-budoucnost-zahradnictvi-a-ekologie-233354860\/#primaryimage\"},\"thumbnailUrl\":\"https:\/\/d16-a.sdn.cz\/d_16\/c_img_p8_A\/nPXMbbUsvqECACpJzzFuBUee\/5ead.jpeg?fl=cro,227,0,3641,2730%7Cres,1200,,1%7Cjpg,80,,1\",\"datePublished\":\"2026-08-17T21:16:30+00:00\",\"author\":{\"@id\":\"http:\/\/www.taekwondomuju.nl\/#\/schema\/person\/e2ae276d2a118f6ab959d51278bbef7c\"},\"breadcrumb\":{\"@id\":\"https:\/\/www.taekwondomuju.nl\/index.php\/2026\/08\/17\/vsadahrejcz-cz-2026-budoucnost-zahradnictvi-a-ekologie-233354860\/#breadcrumb\"},\"inLanguage\":\"nl-NL\",\"potentialAction\":[{\"@type\":\"ReadAction\",\"target\":[\"https:\/\/www.taekwondomuju.nl\/index.php\/2026\/08\/17\/vsadahrejcz-cz-2026-budoucnost-zahradnictvi-a-ekologie-233354860\/\"]}]},{\"@type\":\"ImageObject\",\"inLanguage\":\"nl-NL\",\"@id\":\"https:\/\/www.taekwondomuju.nl\/index.php\/2026\/08\/17\/vsadahrejcz-cz-2026-budoucnost-zahradnictvi-a-ekologie-233354860\/#primaryimage\",\"url\":\"https:\/\/d16-a.sdn.cz\/d_16\/c_img_p8_A\/nPXMbbUsvqECACpJzzFuBUee\/5ead.jpeg?fl=cro,227,0,3641,2730%7Cres,1200,,1%7Cjpg,80,,1\",\"contentUrl\":\"https:\/\/d16-a.sdn.cz\/d_16\/c_img_p8_A\/nPXMbbUsvqECACpJzzFuBUee\/5ead.jpeg?fl=cro,227,0,3641,2730%7Cres,1200,,1%7Cjpg,80,,1\"},{\"@type\":\"BreadcrumbList\",\"@id\":\"https:\/\/www.taekwondomuju.nl\/index.php\/2026\/08\/17\/vsadahrejcz-cz-2026-budoucnost-zahradnictvi-a-ekologie-233354860\/#breadcrumb\",\"itemListElement\":[{\"@type\":\"ListItem\",\"position\":1,\"name\":\"Home\",\"item\":\"http:\/\/www.taekwondomuju.nl\/\"},{\"@type\":\"ListItem\",\"position\":2,\"name\":\"Vsadahrejcz CZ 2026 Budoucnost Zahradnictv\u00ed a Ekologie 233354860\"}]},{\"@type\":\"WebSite\",\"@id\":\"http:\/\/www.taekwondomuju.nl\/#website\",\"url\":\"http:\/\/www.taekwondomuju.nl\/\",\"name\":\"Martial Arts Bekkali\",\"description\":\"Taekwondo en zelfverdediging voor jong en oud, man en vrouw en waar respect, kracht en zelfvertrouwen samenkomen\",\"potentialAction\":[{\"@type\":\"SearchAction\",\"target\":{\"@type\":\"EntryPoint\",\"urlTemplate\":\"http:\/\/www.taekwondomuju.nl\/?s={search_term_string}\"},\"query-input\":{\"@type\":\"PropertyValueSpecification\",\"valueRequired\":true,\"valueName\":\"search_term_string\"}}],\"inLanguage\":\"nl-NL\"},{\"@type\":\"Person\",\"@id\":\"http:\/\/www.taekwondomuju.nl\/#\/schema\/person\/e2ae276d2a118f6ab959d51278bbef7c\",\"name\":\"wpadmin\",\"image\":{\"@type\":\"ImageObject\",\"inLanguage\":\"nl-NL\",\"@id\":\"http:\/\/www.taekwondomuju.nl\/#\/schema\/person\/image\/\",\"url\":\"https:\/\/secure.gravatar.com\/avatar\/579668b49494a1efef35e713e88e1c09563e188171b7b3f68e09880a6067a164?s=96&d=mm&r=g\",\"contentUrl\":\"https:\/\/secure.gravatar.com\/avatar\/579668b49494a1efef35e713e88e1c09563e188171b7b3f68e09880a6067a164?s=96&d=mm&r=g\",\"caption\":\"wpadmin\"}}]}<\/script>\r\n<!-- \/ Yoast SEO plugin. -->","yoast_head_json":{"title":"Vsadahrejcz CZ 2026 Budoucnost Zahradnictv\u00ed a Ekologie 233354860 - Martial Arts Bekkali","robots":{"index":"index","follow":"follow","max-snippet":"max-snippet:-1","max-image-preview":"max-image-preview:large","max-video-preview":"max-video-preview:-1"},"canonical":"https:\/\/www.taekwondomuju.nl\/index.php\/2026\/08\/17\/vsadahrejcz-cz-2026-budoucnost-zahradnictvi-a-ekologie-233354860\/","og_locale":"nl_NL","og_type":"article","og_title":"Vsadahrejcz CZ 2026 Budoucnost Zahradnictv\u00ed a Ekologie 233354860 - Martial Arts Bekkali","og_description":"Vsadahrejcz CZ 2026: Inovace a Udr\u017eitelnost v Zahradnictv\u00ed V roce 2026 o\u010dek\u00e1v\u00e1me, \u017ee se projekt Vsadahrejcz CZ 2026 https:\/\/Vsadahrejczcz.com\/ stane jedn\u00edm z nejv\u00fdznamn\u011bj\u0161\u00edch a inspirativn\u00edch po\u010din\u016f v oblasti zahradnictv\u00ed v \u010cesk\u00e9 republice. Tento projekt si klade za c\u00edl nejen zlep\u0161it kvalitu \u017eivota prost\u0159ednictv\u00edm zahradnick\u00fdch praktik, ale tak\u00e9 p\u0159isp\u011bt k ochran\u011b \u017eivotn\u00edho prost\u0159ed\u00ed a podpo\u0159it ekologick\u00e9&hellip;","og_url":"https:\/\/www.taekwondomuju.nl\/index.php\/2026\/08\/17\/vsadahrejcz-cz-2026-budoucnost-zahradnictvi-a-ekologie-233354860\/","og_site_name":"Martial Arts Bekkali","article_published_time":"2026-08-17T21:16:30+00:00","og_image":[{"url":"https:\/\/d16-a.sdn.cz\/d_16\/c_img_p8_A\/nPXMbbUsvqECACpJzzFuBUee\/5ead.jpeg?fl=cro,227,0,3641,2730%7Cres,1200,,1%7Cjpg,80,,1","type":"","width":"","height":""}],"author":"wpadmin","twitter_card":"summary_large_image","twitter_misc":{"Geschreven door":"wpadmin","Geschatte leestijd":"4 minuten"},"schema":{"@context":"https:\/\/schema.org","@graph":[{"@type":"WebPage","@id":"https:\/\/www.taekwondomuju.nl\/index.php\/2026\/08\/17\/vsadahrejcz-cz-2026-budoucnost-zahradnictvi-a-ekologie-233354860\/","url":"https:\/\/www.taekwondomuju.nl\/index.php\/2026\/08\/17\/vsadahrejcz-cz-2026-budoucnost-zahradnictvi-a-ekologie-233354860\/","name":"Vsadahrejcz CZ 2026 Budoucnost Zahradnictv\u00ed a Ekologie 233354860 - Martial Arts Bekkali","isPartOf":{"@id":"http:\/\/www.taekwondomuju.nl\/#website"},"primaryImageOfPage":{"@id":"https:\/\/www.taekwondomuju.nl\/index.php\/2026\/08\/17\/vsadahrejcz-cz-2026-budoucnost-zahradnictvi-a-ekologie-233354860\/#primaryimage"},"image":{"@id":"https:\/\/www.taekwondomuju.nl\/index.php\/2026\/08\/17\/vsadahrejcz-cz-2026-budoucnost-zahradnictvi-a-ekologie-233354860\/#primaryimage"},"thumbnailUrl":"https:\/\/d16-a.sdn.cz\/d_16\/c_img_p8_A\/nPXMbbUsvqECACpJzzFuBUee\/5ead.jpeg?fl=cro,227,0,3641,2730%7Cres,1200,,1%7Cjpg,80,,1","datePublished":"2026-08-17T21:16:30+00:00","author":{"@id":"http:\/\/www.taekwondomuju.nl\/#\/schema\/person\/e2ae276d2a118f6ab959d51278bbef7c"},"breadcrumb":{"@id":"https:\/\/www.taekwondomuju.nl\/index.php\/2026\/08\/17\/vsadahrejcz-cz-2026-budoucnost-zahradnictvi-a-ekologie-233354860\/#breadcrumb"},"inLanguage":"nl-NL","potentialAction":[{"@type":"ReadAction","target":["https:\/\/www.taekwondomuju.nl\/index.php\/2026\/08\/17\/vsadahrejcz-cz-2026-budoucnost-zahradnictvi-a-ekologie-233354860\/"]}]},{"@type":"ImageObject","inLanguage":"nl-NL","@id":"https:\/\/www.taekwondomuju.nl\/index.php\/2026\/08\/17\/vsadahrejcz-cz-2026-budoucnost-zahradnictvi-a-ekologie-233354860\/#primaryimage","url":"https:\/\/d16-a.sdn.cz\/d_16\/c_img_p8_A\/nPXMbbUsvqECACpJzzFuBUee\/5ead.jpeg?fl=cro,227,0,3641,2730%7Cres,1200,,1%7Cjpg,80,,1","contentUrl":"https:\/\/d16-a.sdn.cz\/d_16\/c_img_p8_A\/nPXMbbUsvqECACpJzzFuBUee\/5ead.jpeg?fl=cro,227,0,3641,2730%7Cres,1200,,1%7Cjpg,80,,1"},{"@type":"BreadcrumbList","@id":"https:\/\/www.taekwondomuju.nl\/index.php\/2026\/08\/17\/vsadahrejcz-cz-2026-budoucnost-zahradnictvi-a-ekologie-233354860\/#breadcrumb","itemListElement":[{"@type":"ListItem","position":1,"name":"Home","item":"http:\/\/www.taekwondomuju.nl\/"},{"@type":"ListItem","position":2,"name":"Vsadahrejcz CZ 2026 Budoucnost Zahradnictv\u00ed a Ekologie 233354860"}]},{"@type":"WebSite","@id":"http:\/\/www.taekwondomuju.nl\/#website","url":"http:\/\/www.taekwondomuju.nl\/","name":"Martial Arts Bekkali","description":"Taekwondo en zelfverdediging voor jong en oud, man en vrouw en waar respect, kracht en zelfvertrouwen samenkomen","potentialAction":[{"@type":"SearchAction","target":{"@type":"EntryPoint","urlTemplate":"http:\/\/www.taekwondomuju.nl\/?s={search_term_string}"},"query-input":{"@type":"PropertyValueSpecification","valueRequired":true,"valueName":"search_term_string"}}],"inLanguage":"nl-NL"},{"@type":"Person","@id":"http:\/\/www.taekwondomuju.nl\/#\/schema\/person\/e2ae276d2a118f6ab959d51278bbef7c","name":"wpadmin","image":{"@type":"ImageObject","inLanguage":"nl-NL","@id":"http:\/\/www.taekwondomuju.nl\/#\/schema\/person\/image\/","url":"https:\/\/secure.gravatar.com\/avatar\/579668b49494a1efef35e713e88e1c09563e188171b7b3f68e09880a6067a164?s=96&d=mm&r=g","contentUrl":"https:\/\/secure.gravatar.com\/avatar\/579668b49494a1efef35e713e88e1c09563e188171b7b3f68e09880a6067a164?s=96&d=mm&r=g","caption":"wpadmin"}}]}},"_links":{"self":[{"href":"http:\/\/www.taekwondomuju.nl\/index.php\/wp-json\/wp\/v2\/posts\/3830","targetHints":{"allow":["GET"]}}],"collection":[{"href":"http:\/\/www.taekwondomuju.nl\/index.php\/wp-json\/wp\/v2\/posts"}],"about":[{"href":"http:\/\/www.taekwondomuju.nl\/index.php\/wp-json\/wp\/v2\/types\/post"}],"author":[{"embeddable":true,"href":"http:\/\/www.taekwondomuju.nl\/index.php\/wp-json\/wp\/v2\/users\/1"}],"replies":[{"embeddable":true,"href":"http:\/\/www.taekwondomuju.nl\/index.php\/wp-json\/wp\/v2\/comments?post=3830"}],"version-history":[{"count":1,"href":"http:\/\/www.taekwondomuju.nl\/index.php\/wp-json\/wp\/v2\/posts\/3830\/revisions"}],"predecessor-version":[{"id":3831,"href":"http:\/\/www.taekwondomuju.nl\/index.php\/wp-json\/wp\/v2\/posts\/3830\/revisions\/3831"}],"wp:attachment":[{"href":"http:\/\/www.taekwondomuju.nl\/index.php\/wp-json\/wp\/v2\/media?parent=3830"}],"wp:term":[{"taxonomy":"category","embeddable":true,"href":"http:\/\/www.taekwondomuju.nl\/index.php\/wp-json\/wp\/v2\/categories?post=3830"},{"taxonomy":"post_tag","embeddable":true,"href":"http:\/\/www.taekwondomuju.nl\/index.php\/wp-json\/wp\/v2\/tags?post=3830"}],"curies":[{"name":"wp","href":"https:\/\/api.w.org\/{rel}","templated":true}]}}