{"id":3832,"date":"2026-08-17T23:20:36","date_gmt":"2026-08-17T21:20:36","guid":{"rendered":"https:\/\/www.taekwondomuju.nl\/?p=3832"},"modified":"2026-08-17T23:20:36","modified_gmt":"2026-08-17T21:20:36","slug":"vsadahrejcz-cz-2026-budoucnost-ktera-nas-ceka-202154610","status":"publish","type":"post","link":"http:\/\/www.taekwondomuju.nl\/index.php\/2026\/08\/17\/vsadahrejcz-cz-2026-budoucnost-ktera-nas-ceka-202154610\/","title":{"rendered":"Vsadahrejcz CZ 2026 Budoucnost, kter\u00e1 n\u00e1s \u010dek\u00e1 202154610"},"content":{"rendered":"<div style=\"text-align:center; margin:15px 0;\"><img decoding=\"async\" src=\"https:\/\/img.motorkari.cz\/upload\/images\/cache\/clanky\/2026-03\/20260331171904-54779_jpg660x500.jpg\" style=\"max-width:100%; height:auto;\" \/><\/div>\n<h1>Vsadahrejcz CZ 2026: Co n\u00e1s \u010dek\u00e1?<\/h1>\n<p>\n        Sledujte technologick\u00e9 novinky a trendy, kter\u00e9 se formuj\u00ed v oblasti Vsadahrejcz CZ 2026. Vsadahrejcz CZ 2026 <a href=\"https:\/\/Vsadahrejczcz.com\/\">https:\/\/Vsadahrejczcz.com\/<\/a> Tato platforma se st\u00e1v\u00e1 centrem pro lidi, kte\u0159\u00ed hledaj\u00ed inovativn\u00ed p\u0159\u00edstupy a nov\u00e9 zku\u0161enosti v digit\u00e1ln\u00edm sv\u011bt\u011b.<\/p>\n<div style=\"text-align:center; margin:15px 0;\"><img decoding=\"async\" src=\"https:\/\/topvstupenky.sk\/img\/hd\/i11d0OHE7TQkpZy98H2iN2XXCIWaWx2so6lUzTVM.jpg\" style=\"max-width:100%; height:auto;\" \/><\/div>\n<\/p>\n<p>\n        Vsadahrejcz CZ 2026 je v\u00edce ne\u017e jen technologick\u00e1 iniciativa; je to vizion\u00e1\u0159sk\u00fd projekt, kter\u00fd usiluje o transformaci zp\u016fsobu, jak\u00fdm lid\u00e9 interaguj\u00ed s digit\u00e1ln\u00edmi platformami. V dne\u0161n\u00edm rychl\u00e9m sv\u011bt\u011b, kde technologie neust\u00e1le pokro\u010duj\u00ed, je d\u016fle\u017eit\u00e9 vych\u00e1zet vst\u0159\u00edc nov\u00fdm mo\u017enostem a p\u0159izp\u016fsobovat se m\u011bn\u00edc\u00edm se podm\u00ednk\u00e1m.\n    <\/p>\n<h2>Co o\u010dek\u00e1vat od Vsadahrejcz CZ 2026?<\/h2>\n<p>\n        V n\u00e1sleduj\u00edc\u00edch letech se o\u010dek\u00e1v\u00e1, \u017ee Vsadahrejcz CZ 2026 p\u0159inese n\u011bkolik z\u00e1sadn\u00edch inovac\u00ed. Mezi hlavn\u00ed trendy, kter\u00e9 budou formovat budoucnost pat\u0159\u00ed um\u011bl\u00e1 inteligence, internet v\u011bc\u00ed (IoT), roz\u0161\u00ed\u0159en\u00e1 a virtu\u00e1ln\u00ed realita. Tyto technologie maj\u00ed potenci\u00e1l zna\u010dn\u011b zm\u011bnit na\u0161e ka\u017edodenn\u00ed \u017eivoty, a to nejen v profesn\u00edm, ale i v osobn\u00edm \u017eivot\u011b.\n    <\/p>\n<h3>Um\u011bl\u00e1 inteligence a jej\u00ed vliv<\/h3>\n<p>\n        Um\u011bl\u00e1 inteligence (AI) ji\u017e dnes ovliv\u0148uje mnoho aspekt\u016f na\u0161eho \u017eivota. V roce 2026 se o\u010dek\u00e1v\u00e1, \u017ee AI bude m\u00edt je\u0161t\u011b v\u011bt\u0161\u00ed vliv, co\u017e povede k \u0161ir\u0161\u00edmu p\u0159ijet\u00ed automatizace a strojov\u00e9ho u\u010den\u00ed. To umo\u017en\u00ed personalizovan\u011bj\u0161\u00ed slu\u017eby a produkty, kter\u00e9 budou l\u00e9pe odpov\u00eddat pot\u0159eb\u00e1m jednotlivc\u016f.\n    <\/p>\n<h3>Internet v\u011bc\u00ed (IoT)<\/h3>\n<p>\n        Internet v\u011bc\u00ed transformuje zp\u016fsob, jak\u00fdm komunikujeme s na\u0161imi za\u0159\u00edzen\u00edmi. O\u010dek\u00e1v\u00e1 se, \u017ee do roku 2026 bude po\u010det p\u0159ipojen\u00fdch za\u0159\u00edzen\u00ed exponenci\u00e1ln\u011b r\u016fst. To p\u0159inese v\u00fdzvy, jako je zaji\u0161t\u011bn\u00ed kybernetick\u00e9 bezpe\u010dnosti, a p\u0159\u00edle\u017eitosti pro nov\u00e9 obchodn\u00ed modely.\n    <\/p>\n<h3>Roz\u0161\u00ed\u0159en\u00e1 a virtu\u00e1ln\u00ed realita<\/h3>\n<p>\n        Technologie roz\u0161\u00ed\u0159en\u00e9 (AR) a virtu\u00e1ln\u00ed reality (VR) za\u010d\u00ednaj\u00ed m\u011bnit zp\u016fsob, jak\u00fdm pou\u017e\u00edv\u00e1me technologie pro vzd\u011bl\u00e1v\u00e1n\u00ed, z\u00e1bavu a obchod. Tyto technologie umo\u017en\u00ed interaktivn\u00ed a poutav\u011bj\u0161\u00ed z\u00e1\u017eitky, kter\u00e9 obohat\u00ed na\u0161e ka\u017edodenn\u00ed \u017eivoty.\n    <\/p>\n<h2>Vzd\u011bl\u00e1v\u00e1n\u00ed a profesn\u00ed r\u016fst<\/h2>\n<p>\n        Vzd\u011bl\u00e1v\u00e1n\u00ed bude kl\u00ed\u010dov\u00fdm aspektem v\u00fdvoje v r\u00e1mci Vsadahrejcz CZ 2026. S rychl\u00fdm tempem technologick\u00fdch zm\u011bn bude d\u016fle\u017eit\u00e9, abychom se neust\u00e1le p\u0159izp\u016fsobovali a rozv\u00edjeli nov\u00e9 dovednosti. Online kurzy a platformy pro vzd\u011bl\u00e1v\u00e1n\u00ed budou hr\u00e1t st\u00e1le d\u016fle\u017eit\u011bj\u0161\u00ed roli, umo\u017e\u0148uj\u00edc\u00ed lidem z r\u016fzn\u00fdch oblast\u00ed p\u0159\u00edstup k nov\u00fdm znalostem a dovednostem.<\/p>\n<div style=\"text-align:center; margin:15px 0;\"><img decoding=\"async\" src=\"https:\/\/onzichtbaarziek.nl\/wp-content\/uploads\/2025\/09\/Zorgpremie-2026-png.webp\" style=\"max-width:100%; height:auto;\" \/><\/div>\n<\/p>\n<p>\n        Profesn\u00ed r\u016fst bude tak\u00e9 \u00fazce spojen s adaptac\u00ed na nov\u00e9 technologie. Zam\u011bstnavatel\u00e9 budou hledat pracovn\u00edky, kte\u0159\u00ed maj\u00ed znalosti o AI, IoT a dal\u0161\u00edch modern\u00edch technologi\u00edch. T\u00edm, \u017ee investujeme do na\u0161eho vzd\u011bl\u00e1n\u00ed a rozvoje, m\u016f\u017eeme pos\u00edlit na\u0161i konkurenceschopnost na trhu pr\u00e1ce.\n    <\/p>\n<h2>Udr\u017eitelnost a etika<\/h2>\n<p>\n        Udr\u017eitelnost a etika se st\u00e1vaj\u00ed st\u00e1le d\u016fle\u017eit\u011bj\u0161\u00edmi t\u00e9maty v technologi\u00edch. Spole\u010dnosti budou muset zohlednit sv\u00e9 ekologick\u00e9 stopy a etick\u00e9 d\u016fsledky sv\u00fdch inovac\u00ed. Odpov\u011bdn\u00e9 podnik\u00e1n\u00ed se stane standardem, nikoli v\u00fdjimkou.\n    <\/p>\n<p>\n        Vsadahrejcz CZ 2026 p\u0159in\u00e1\u0161\u00ed tak\u00e9 p\u0159\u00edle\u017eitosti pro firmy a jednotlivce, kte\u0159\u00ed cht\u011bj\u00ed vytvo\u0159it udr\u017eiteln\u00e9 a eticky odpov\u011bdn\u00e9 produkty a slu\u017eby. T\u00edmto zp\u016fsobem m\u016f\u017eeme zajistit, \u017ee na\u0161e technologick\u00e9 pokroky budou slou\u017eit nejen n\u00e1m, ale i budouc\u00edm generac\u00edm.\n    <\/p>\n<h2>Jak se zapojit?<\/h2>\n<p>\n        Zapo\u010dit se do komunity Vsadahrejcz CZ 2026 je jednoduch\u00e9. Existuje mnoho zp\u016fsob\u016f, jak m\u016f\u017eete p\u0159isp\u011bt a st\u00e1t se sou\u010d\u00e1st\u00ed tohoto vzru\u0161uj\u00edc\u00edho projektu. A\u0165 u\u017e jako v\u00fdvoj\u00e1\u0159, podnikatel nebo z\u00e1jemce o technologie, m\u016f\u017eete naj\u00edt p\u0159\u00edle\u017eitosti, kter\u00e9 odpov\u00eddaj\u00ed va\u0161im z\u00e1jm\u016fm a dovednostem.\n    <\/p>\n<p>\n        Sledujete na\u0161e webov\u00e9 str\u00e1nky, \u00fa\u010dastn\u011bte se diskuzn\u00edch f\u00f3r a p\u0159ipojte se k r\u016fzn\u00fdm online komunit\u00e1m, kter\u00e9 se zab\u00fdvaj\u00ed podobn\u00fdmi ot\u00e1zkami. Vsadahrejcz CZ 2026 je otev\u0159en\u00fd projekt, kter\u00fd v\u00edt\u00e1 v\u0161echny, kdo maj\u00ed z\u00e1jem o technologie a jejich vliv na spole\u010dnost.\n    <\/p>\n<h2>Z\u00e1v\u011br<\/h2>\n<p>\n        Vsadahrejcz CZ 2026 p\u0159edstavuje fascinuj\u00edc\u00ed pohled do budoucnosti, kde technologie a lidsk\u00e1 kreativita spolupracuj\u00ed na vytv\u00e1\u0159en\u00ed lep\u0161\u00edho sv\u011bta. S p\u0159\u00edchodem nov\u00fdch trend\u016f a inova\u010dn\u00edch \u0159e\u0161en\u00ed se otev\u00edr\u00e1 \u0159ada p\u0159\u00edle\u017eitost\u00ed, jak zlep\u0161it na\u0161e \u017eivoty a profesion\u00e1ln\u00ed dr\u00e1hy. Je d\u016fle\u017eit\u00e9 z\u016fstat otev\u0159en\u00fd zm\u011bn\u00e1m a p\u0159ij\u00edmat nov\u00e9 v\u00fdzvy, kter\u00e9 n\u00e1s \u010dekaj\u00ed.\n    <\/p>\n<div style=\"text-align:center; margin:20px 0;\"><iframe loading=\"lazy\" width=\"560\" height=\"315\" src=\"https:\/\/www.youtube.com\/embed\/GOgzm_-F_00\" frameborder=\"0\" allowfullscreen><\/iframe><\/div>\n","protected":false},"excerpt":{"rendered":"<p>Vsadahrejcz CZ 2026: Co n\u00e1s \u010dek\u00e1? Sledujte technologick\u00e9 novinky a trendy, kter\u00e9 se formuj\u00ed v oblasti Vsadahrejcz CZ 2026. Vsadahrejcz CZ 2026 https:\/\/Vsadahrejczcz.com\/ Tato platforma se st\u00e1v\u00e1 centrem pro lidi, kte\u0159\u00ed hledaj\u00ed inovativn\u00ed p\u0159\u00edstupy a nov\u00e9 zku\u0161enosti v digit\u00e1ln\u00edm sv\u011bt\u011b. Vsadahrejcz CZ 2026 je v\u00edce ne\u017e jen technologick\u00e1 iniciativa; je to vizion\u00e1\u0159sk\u00fd projekt, kter\u00fd usiluje&hellip;<\/p>\n","protected":false},"author":1,"featured_media":0,"comment_status":"closed","ping_status":"open","sticky":false,"template":"","format":"standard","meta":{"_exactmetrics_skip_tracking":false,"footnotes":""},"categories":[1],"tags":[],"class_list":["post-3832","post","type-post","status-publish","format-standard","hentry","category-geen-categorie"],"yoast_head":"<!-- This site is optimized with the Yoast SEO plugin v26.6 - https:\/\/yoast.com\/wordpress\/plugins\/seo\/ -->\r\n<title>Vsadahrejcz CZ 2026 Budoucnost, kter\u00e1 n\u00e1s \u010dek\u00e1 202154610 - Martial Arts Bekkali<\/title>\r\n<meta name=\"robots\" content=\"index, follow, max-snippet:-1, max-image-preview:large, max-video-preview:-1\" \/>\r\n<link rel=\"canonical\" href=\"https:\/\/www.taekwondomuju.nl\/index.php\/2026\/08\/17\/vsadahrejcz-cz-2026-budoucnost-ktera-nas-ceka-202154610\/\" \/>\r\n<meta property=\"og:locale\" content=\"nl_NL\" \/>\r\n<meta property=\"og:type\" content=\"article\" \/>\r\n<meta property=\"og:title\" content=\"Vsadahrejcz CZ 2026 Budoucnost, kter\u00e1 n\u00e1s \u010dek\u00e1 202154610 - Martial Arts Bekkali\" \/>\r\n<meta property=\"og:description\" content=\"Vsadahrejcz CZ 2026: Co n\u00e1s \u010dek\u00e1? Sledujte technologick\u00e9 novinky a trendy, kter\u00e9 se formuj\u00ed v oblasti Vsadahrejcz CZ 2026. Vsadahrejcz CZ 2026 https:\/\/Vsadahrejczcz.com\/ Tato platforma se st\u00e1v\u00e1 centrem pro lidi, kte\u0159\u00ed hledaj\u00ed inovativn\u00ed p\u0159\u00edstupy a nov\u00e9 zku\u0161enosti v digit\u00e1ln\u00edm sv\u011bt\u011b. Vsadahrejcz CZ 2026 je v\u00edce ne\u017e jen technologick\u00e1 iniciativa; je to vizion\u00e1\u0159sk\u00fd projekt, kter\u00fd usiluje&hellip;\" \/>\r\n<meta property=\"og:url\" content=\"https:\/\/www.taekwondomuju.nl\/index.php\/2026\/08\/17\/vsadahrejcz-cz-2026-budoucnost-ktera-nas-ceka-202154610\/\" \/>\r\n<meta property=\"og:site_name\" content=\"Martial Arts Bekkali\" \/>\r\n<meta property=\"article:published_time\" content=\"2026-08-17T21:20:36+00:00\" \/>\r\n<meta property=\"og:image\" content=\"https:\/\/img.motorkari.cz\/upload\/images\/cache\/clanky\/2026-03\/20260331171904-54779_jpg660x500.jpg\" \/>\r\n<meta name=\"author\" content=\"wpadmin\" \/>\r\n<meta name=\"twitter:card\" content=\"summary_large_image\" \/>\r\n<meta name=\"twitter:label1\" content=\"Geschreven door\" \/>\n\t<meta name=\"twitter:data1\" content=\"wpadmin\" \/>\n\t<meta name=\"twitter:label2\" content=\"Geschatte leestijd\" \/>\n\t<meta name=\"twitter:data2\" content=\"4 minuten\" \/>\r\n<script type=\"application\/ld+json\" class=\"yoast-schema-graph\">{\"@context\":\"https:\/\/schema.org\",\"@graph\":[{\"@type\":\"WebPage\",\"@id\":\"https:\/\/www.taekwondomuju.nl\/index.php\/2026\/08\/17\/vsadahrejcz-cz-2026-budoucnost-ktera-nas-ceka-202154610\/\",\"url\":\"https:\/\/www.taekwondomuju.nl\/index.php\/2026\/08\/17\/vsadahrejcz-cz-2026-budoucnost-ktera-nas-ceka-202154610\/\",\"name\":\"Vsadahrejcz CZ 2026 Budoucnost, kter\u00e1 n\u00e1s \u010dek\u00e1 202154610 - Martial Arts Bekkali\",\"isPartOf\":{\"@id\":\"http:\/\/www.taekwondomuju.nl\/#website\"},\"primaryImageOfPage\":{\"@id\":\"https:\/\/www.taekwondomuju.nl\/index.php\/2026\/08\/17\/vsadahrejcz-cz-2026-budoucnost-ktera-nas-ceka-202154610\/#primaryimage\"},\"image\":{\"@id\":\"https:\/\/www.taekwondomuju.nl\/index.php\/2026\/08\/17\/vsadahrejcz-cz-2026-budoucnost-ktera-nas-ceka-202154610\/#primaryimage\"},\"thumbnailUrl\":\"https:\/\/img.motorkari.cz\/upload\/images\/cache\/clanky\/2026-03\/20260331171904-54779_jpg660x500.jpg\",\"datePublished\":\"2026-08-17T21:20:36+00:00\",\"author\":{\"@id\":\"http:\/\/www.taekwondomuju.nl\/#\/schema\/person\/e2ae276d2a118f6ab959d51278bbef7c\"},\"breadcrumb\":{\"@id\":\"https:\/\/www.taekwondomuju.nl\/index.php\/2026\/08\/17\/vsadahrejcz-cz-2026-budoucnost-ktera-nas-ceka-202154610\/#breadcrumb\"},\"inLanguage\":\"nl-NL\",\"potentialAction\":[{\"@type\":\"ReadAction\",\"target\":[\"https:\/\/www.taekwondomuju.nl\/index.php\/2026\/08\/17\/vsadahrejcz-cz-2026-budoucnost-ktera-nas-ceka-202154610\/\"]}]},{\"@type\":\"ImageObject\",\"inLanguage\":\"nl-NL\",\"@id\":\"https:\/\/www.taekwondomuju.nl\/index.php\/2026\/08\/17\/vsadahrejcz-cz-2026-budoucnost-ktera-nas-ceka-202154610\/#primaryimage\",\"url\":\"https:\/\/img.motorkari.cz\/upload\/images\/cache\/clanky\/2026-03\/20260331171904-54779_jpg660x500.jpg\",\"contentUrl\":\"https:\/\/img.motorkari.cz\/upload\/images\/cache\/clanky\/2026-03\/20260331171904-54779_jpg660x500.jpg\"},{\"@type\":\"BreadcrumbList\",\"@id\":\"https:\/\/www.taekwondomuju.nl\/index.php\/2026\/08\/17\/vsadahrejcz-cz-2026-budoucnost-ktera-nas-ceka-202154610\/#breadcrumb\",\"itemListElement\":[{\"@type\":\"ListItem\",\"position\":1,\"name\":\"Home\",\"item\":\"http:\/\/www.taekwondomuju.nl\/\"},{\"@type\":\"ListItem\",\"position\":2,\"name\":\"Vsadahrejcz CZ 2026 Budoucnost, kter\u00e1 n\u00e1s \u010dek\u00e1 202154610\"}]},{\"@type\":\"WebSite\",\"@id\":\"http:\/\/www.taekwondomuju.nl\/#website\",\"url\":\"http:\/\/www.taekwondomuju.nl\/\",\"name\":\"Martial Arts Bekkali\",\"description\":\"Taekwondo en zelfverdediging voor jong en oud, man en vrouw en waar respect, kracht en zelfvertrouwen samenkomen\",\"potentialAction\":[{\"@type\":\"SearchAction\",\"target\":{\"@type\":\"EntryPoint\",\"urlTemplate\":\"http:\/\/www.taekwondomuju.nl\/?s={search_term_string}\"},\"query-input\":{\"@type\":\"PropertyValueSpecification\",\"valueRequired\":true,\"valueName\":\"search_term_string\"}}],\"inLanguage\":\"nl-NL\"},{\"@type\":\"Person\",\"@id\":\"http:\/\/www.taekwondomuju.nl\/#\/schema\/person\/e2ae276d2a118f6ab959d51278bbef7c\",\"name\":\"wpadmin\",\"image\":{\"@type\":\"ImageObject\",\"inLanguage\":\"nl-NL\",\"@id\":\"http:\/\/www.taekwondomuju.nl\/#\/schema\/person\/image\/\",\"url\":\"https:\/\/secure.gravatar.com\/avatar\/579668b49494a1efef35e713e88e1c09563e188171b7b3f68e09880a6067a164?s=96&d=mm&r=g\",\"contentUrl\":\"https:\/\/secure.gravatar.com\/avatar\/579668b49494a1efef35e713e88e1c09563e188171b7b3f68e09880a6067a164?s=96&d=mm&r=g\",\"caption\":\"wpadmin\"}}]}<\/script>\r\n<!-- \/ Yoast SEO plugin. -->","yoast_head_json":{"title":"Vsadahrejcz CZ 2026 Budoucnost, kter\u00e1 n\u00e1s \u010dek\u00e1 202154610 - Martial Arts Bekkali","robots":{"index":"index","follow":"follow","max-snippet":"max-snippet:-1","max-image-preview":"max-image-preview:large","max-video-preview":"max-video-preview:-1"},"canonical":"https:\/\/www.taekwondomuju.nl\/index.php\/2026\/08\/17\/vsadahrejcz-cz-2026-budoucnost-ktera-nas-ceka-202154610\/","og_locale":"nl_NL","og_type":"article","og_title":"Vsadahrejcz CZ 2026 Budoucnost, kter\u00e1 n\u00e1s \u010dek\u00e1 202154610 - Martial Arts Bekkali","og_description":"Vsadahrejcz CZ 2026: Co n\u00e1s \u010dek\u00e1? Sledujte technologick\u00e9 novinky a trendy, kter\u00e9 se formuj\u00ed v oblasti Vsadahrejcz CZ 2026. Vsadahrejcz CZ 2026 https:\/\/Vsadahrejczcz.com\/ Tato platforma se st\u00e1v\u00e1 centrem pro lidi, kte\u0159\u00ed hledaj\u00ed inovativn\u00ed p\u0159\u00edstupy a nov\u00e9 zku\u0161enosti v digit\u00e1ln\u00edm sv\u011bt\u011b. Vsadahrejcz CZ 2026 je v\u00edce ne\u017e jen technologick\u00e1 iniciativa; je to vizion\u00e1\u0159sk\u00fd projekt, kter\u00fd usiluje&hellip;","og_url":"https:\/\/www.taekwondomuju.nl\/index.php\/2026\/08\/17\/vsadahrejcz-cz-2026-budoucnost-ktera-nas-ceka-202154610\/","og_site_name":"Martial Arts Bekkali","article_published_time":"2026-08-17T21:20:36+00:00","og_image":[{"url":"https:\/\/img.motorkari.cz\/upload\/images\/cache\/clanky\/2026-03\/20260331171904-54779_jpg660x500.jpg","type":"","width":"","height":""}],"author":"wpadmin","twitter_card":"summary_large_image","twitter_misc":{"Geschreven door":"wpadmin","Geschatte leestijd":"4 minuten"},"schema":{"@context":"https:\/\/schema.org","@graph":[{"@type":"WebPage","@id":"https:\/\/www.taekwondomuju.nl\/index.php\/2026\/08\/17\/vsadahrejcz-cz-2026-budoucnost-ktera-nas-ceka-202154610\/","url":"https:\/\/www.taekwondomuju.nl\/index.php\/2026\/08\/17\/vsadahrejcz-cz-2026-budoucnost-ktera-nas-ceka-202154610\/","name":"Vsadahrejcz CZ 2026 Budoucnost, kter\u00e1 n\u00e1s \u010dek\u00e1 202154610 - Martial Arts Bekkali","isPartOf":{"@id":"http:\/\/www.taekwondomuju.nl\/#website"},"primaryImageOfPage":{"@id":"https:\/\/www.taekwondomuju.nl\/index.php\/2026\/08\/17\/vsadahrejcz-cz-2026-budoucnost-ktera-nas-ceka-202154610\/#primaryimage"},"image":{"@id":"https:\/\/www.taekwondomuju.nl\/index.php\/2026\/08\/17\/vsadahrejcz-cz-2026-budoucnost-ktera-nas-ceka-202154610\/#primaryimage"},"thumbnailUrl":"https:\/\/img.motorkari.cz\/upload\/images\/cache\/clanky\/2026-03\/20260331171904-54779_jpg660x500.jpg","datePublished":"2026-08-17T21:20:36+00:00","author":{"@id":"http:\/\/www.taekwondomuju.nl\/#\/schema\/person\/e2ae276d2a118f6ab959d51278bbef7c"},"breadcrumb":{"@id":"https:\/\/www.taekwondomuju.nl\/index.php\/2026\/08\/17\/vsadahrejcz-cz-2026-budoucnost-ktera-nas-ceka-202154610\/#breadcrumb"},"inLanguage":"nl-NL","potentialAction":[{"@type":"ReadAction","target":["https:\/\/www.taekwondomuju.nl\/index.php\/2026\/08\/17\/vsadahrejcz-cz-2026-budoucnost-ktera-nas-ceka-202154610\/"]}]},{"@type":"ImageObject","inLanguage":"nl-NL","@id":"https:\/\/www.taekwondomuju.nl\/index.php\/2026\/08\/17\/vsadahrejcz-cz-2026-budoucnost-ktera-nas-ceka-202154610\/#primaryimage","url":"https:\/\/img.motorkari.cz\/upload\/images\/cache\/clanky\/2026-03\/20260331171904-54779_jpg660x500.jpg","contentUrl":"https:\/\/img.motorkari.cz\/upload\/images\/cache\/clanky\/2026-03\/20260331171904-54779_jpg660x500.jpg"},{"@type":"BreadcrumbList","@id":"https:\/\/www.taekwondomuju.nl\/index.php\/2026\/08\/17\/vsadahrejcz-cz-2026-budoucnost-ktera-nas-ceka-202154610\/#breadcrumb","itemListElement":[{"@type":"ListItem","position":1,"name":"Home","item":"http:\/\/www.taekwondomuju.nl\/"},{"@type":"ListItem","position":2,"name":"Vsadahrejcz CZ 2026 Budoucnost, kter\u00e1 n\u00e1s \u010dek\u00e1 202154610"}]},{"@type":"WebSite","@id":"http:\/\/www.taekwondomuju.nl\/#website","url":"http:\/\/www.taekwondomuju.nl\/","name":"Martial Arts Bekkali","description":"Taekwondo en zelfverdediging voor jong en oud, man en vrouw en waar respect, kracht en zelfvertrouwen samenkomen","potentialAction":[{"@type":"SearchAction","target":{"@type":"EntryPoint","urlTemplate":"http:\/\/www.taekwondomuju.nl\/?s={search_term_string}"},"query-input":{"@type":"PropertyValueSpecification","valueRequired":true,"valueName":"search_term_string"}}],"inLanguage":"nl-NL"},{"@type":"Person","@id":"http:\/\/www.taekwondomuju.nl\/#\/schema\/person\/e2ae276d2a118f6ab959d51278bbef7c","name":"wpadmin","image":{"@type":"ImageObject","inLanguage":"nl-NL","@id":"http:\/\/www.taekwondomuju.nl\/#\/schema\/person\/image\/","url":"https:\/\/secure.gravatar.com\/avatar\/579668b49494a1efef35e713e88e1c09563e188171b7b3f68e09880a6067a164?s=96&d=mm&r=g","contentUrl":"https:\/\/secure.gravatar.com\/avatar\/579668b49494a1efef35e713e88e1c09563e188171b7b3f68e09880a6067a164?s=96&d=mm&r=g","caption":"wpadmin"}}]}},"_links":{"self":[{"href":"http:\/\/www.taekwondomuju.nl\/index.php\/wp-json\/wp\/v2\/posts\/3832","targetHints":{"allow":["GET"]}}],"collection":[{"href":"http:\/\/www.taekwondomuju.nl\/index.php\/wp-json\/wp\/v2\/posts"}],"about":[{"href":"http:\/\/www.taekwondomuju.nl\/index.php\/wp-json\/wp\/v2\/types\/post"}],"author":[{"embeddable":true,"href":"http:\/\/www.taekwondomuju.nl\/index.php\/wp-json\/wp\/v2\/users\/1"}],"replies":[{"embeddable":true,"href":"http:\/\/www.taekwondomuju.nl\/index.php\/wp-json\/wp\/v2\/comments?post=3832"}],"version-history":[{"count":1,"href":"http:\/\/www.taekwondomuju.nl\/index.php\/wp-json\/wp\/v2\/posts\/3832\/revisions"}],"predecessor-version":[{"id":3833,"href":"http:\/\/www.taekwondomuju.nl\/index.php\/wp-json\/wp\/v2\/posts\/3832\/revisions\/3833"}],"wp:attachment":[{"href":"http:\/\/www.taekwondomuju.nl\/index.php\/wp-json\/wp\/v2\/media?parent=3832"}],"wp:term":[{"taxonomy":"category","embeddable":true,"href":"http:\/\/www.taekwondomuju.nl\/index.php\/wp-json\/wp\/v2\/categories?post=3832"},{"taxonomy":"post_tag","embeddable":true,"href":"http:\/\/www.taekwondomuju.nl\/index.php\/wp-json\/wp\/v2\/tags?post=3832"}],"curies":[{"name":"wp","href":"https:\/\/api.w.org\/{rel}","templated":true}]}}